{"id":1356,"date":"2020-04-24T12:28:03","date_gmt":"2020-04-24T10:28:03","guid":{"rendered":"https:\/\/fdp-beelen.de\/?p=1356"},"modified":"2020-06-15T07:02:28","modified_gmt":"2020-06-15T05:02:28","slug":"fdplus-01-2020","status":"publish","type":"post","link":"https:\/\/fdp-beelen.de\/?p=1356","title":{"rendered":"fdplus 01\/2020"},"content":{"rendered":"<p>Die neue Ausgabe des Magazins fdplus, 01\/2020, finden Sie ab sofort <a target=\"_blank\" href=\"https:\/\/www.fdplus.de\/\" rel=\"noopener noreferrer\">hier<\/a><\/p>\n<p>Themen:<\/p>\n<p>Coronakrise &#8211; Wir Freie Demokraten verhalten uns konstruktiv-kritisch<br \/>\nParteileben &#8211; Unsere gro\u00dfe St\u00e4rke: unsere Mitglieder<br \/>\nLeitbild &#8211; Der n\u00e4chste Schritt in unserem Weiterentwicklungsprozess<\/p>\n","protected":false},"excerpt":{"rendered":"<p>Die neue Ausgabe des Magazins fdplus, 01\/2020, finden Sie ab sofort hier Themen: Coronakrise &#8211; Wir Freie Demokraten verhalten uns konstruktiv-kritisch Parteileben &#8211; Unsere gro\u00dfe St\u00e4rke: unsere Mitglieder Leitbild &#8211; Der n\u00e4chste Schritt in unserem Weiterentwicklungsprozess<\/p>\n","protected":false},"author":1,"featured_media":1357,"comment_status":"closed","ping_status":"closed","sticky":false,"template":"","format":"standard","meta":{"_et_pb_use_builder":"","_et_pb_old_content":"","_et_gb_content_width":"","inline_featured_image":false,"footnotes":""},"categories":[1],"tags":[101,116,150,239,245,258,357],"class_list":["post-1356","post","type-post","status-publish","format-standard","has-post-thumbnail","hentry","category-allgemein","tag-corona","tag-download","tag-fpplus","tag-magazin","tag-meinungsfreiheit","tag-mut","tag-weltoffenheit"],"_links":{"self":[{"href":"https:\/\/fdp-beelen.de\/index.php?rest_route=\/wp\/v2\/posts\/1356","targetHints":{"allow":["GET"]}}],"collection":[{"href":"https:\/\/fdp-beelen.de\/index.php?rest_route=\/wp\/v2\/posts"}],"about":[{"href":"https:\/\/fdp-beelen.de\/index.php?rest_route=\/wp\/v2\/types\/post"}],"author":[{"embeddable":true,"href":"https:\/\/fdp-beelen.de\/index.php?rest_route=\/wp\/v2\/users\/1"}],"replies":[{"embeddable":true,"href":"https:\/\/fdp-beelen.de\/index.php?rest_route=%2Fwp%2Fv2%2Fcomments&post=1356"}],"version-history":[{"count":2,"href":"https:\/\/fdp-beelen.de\/index.php?rest_route=\/wp\/v2\/posts\/1356\/revisions"}],"predecessor-version":[{"id":85137,"href":"https:\/\/fdp-beelen.de\/index.php?rest_route=\/wp\/v2\/posts\/1356\/revisions\/85137"}],"wp:featuredmedia":[{"embeddable":true,"href":"https:\/\/fdp-beelen.de\/index.php?rest_route=\/"}],"wp:attachment":[{"href":"https:\/\/fdp-beelen.de\/index.php?rest_route=%2Fwp%2Fv2%2Fmedia&parent=1356"}],"wp:term":[{"taxonomy":"category","embeddable":true,"href":"https:\/\/fdp-beelen.de\/index.php?rest_route=%2Fwp%2Fv2%2Fcategories&post=1356"},{"taxonomy":"post_tag","embeddable":true,"href":"https:\/\/fdp-beelen.de\/index.php?rest_route=%2Fwp%2Fv2%2Ftags&post=1356"}],"curies":[{"name":"wp","href":"https:\/\/api.w.org\/{rel}","templated":true}]}}