{"id":83692,"date":"2020-02-15T12:01:23","date_gmt":"2020-02-15T11:01:23","guid":{"rendered":"https:\/\/fdp-beelen.de\/?p=1309"},"modified":"2020-06-15T07:05:00","modified_gmt":"2020-06-15T05:05:00","slug":"magazin-liberal-nrw-1-2020","status":"publish","type":"post","link":"https:\/\/fdp-beelen.de\/?p=83692","title":{"rendered":"Magazin liberal.nrw 1\/2020"},"content":{"rendered":"<p>Die neue Ausgabe 01\/20 des Magazins liberal.nrw finden Sie ab sofort im <strong><a href=\"https:\/\/fdp-beelen.de\/downloads\/\">Downloadbereich<\/a><\/strong>.<\/p>\n<p>Themen:<\/p>\n<p>OLYMPIA 2032 IN NRW? &#8211; Gespr\u00e4ch zwischen Michael Mronz und Christof Rasche<\/p>\n<p>DREIK\u00d6NIG &#8211; Bleiben wir frei. Denken wir gro\u00df<br \/>\nKOMMUNALWAHLEN &#8211; FDP NRW startet mit Kickoff<br \/>\nENQUETE-KOMMISSION &#8211; Gesundes Essen. Gesunde Umwelt. Gesunde Betriebe.<\/p>\n<p>etc.<br \/>\netc.<br \/>\netc.<\/p>\n","protected":false},"excerpt":{"rendered":"<p>Die neue Ausgabe 01\/20 des Magazins liberal.nrw finden Sie ab sofort im Downloadbereich. Themen: OLYMPIA 2032 IN NRW? &#8211; Gespr\u00e4ch zwischen Michael Mronz und Christof Rasche DREIK\u00d6NIG &#8211; Bleiben wir frei. Denken wir gro\u00df KOMMUNALWAHLEN &#8211; FDP NRW startet mit Kickoff ENQUETE-KOMMISSION &#8211; Gesundes Essen. Gesunde Umwelt. Gesunde Betriebe. etc. etc. etc.<\/p>\n","protected":false},"author":1,"featured_media":1311,"comment_status":"closed","ping_status":"closed","sticky":false,"template":"","format":"standard","meta":{"_et_pb_use_builder":"","_et_pb_old_content":"","_et_gb_content_width":"","inline_featured_image":false,"footnotes":""},"categories":[1],"tags":[116,120,131,223,234,239,254,262,266,281],"class_list":["post-83692","post","type-post","status-publish","format-standard","has-post-thumbnail","hentry","category-allgemein","tag-download","tag-dreikoenig","tag-enquete-kommission","tag-kommunalwahl","tag-liberal-nrw","tag-magazin","tag-mronz","tag-nrw","tag-olympia","tag-rasche"],"_links":{"self":[{"href":"https:\/\/fdp-beelen.de\/index.php?rest_route=\/wp\/v2\/posts\/83692","targetHints":{"allow":["GET"]}}],"collection":[{"href":"https:\/\/fdp-beelen.de\/index.php?rest_route=\/wp\/v2\/posts"}],"about":[{"href":"https:\/\/fdp-beelen.de\/index.php?rest_route=\/wp\/v2\/types\/post"}],"author":[{"embeddable":true,"href":"https:\/\/fdp-beelen.de\/index.php?rest_route=\/wp\/v2\/users\/1"}],"replies":[{"embeddable":true,"href":"https:\/\/fdp-beelen.de\/index.php?rest_route=%2Fwp%2Fv2%2Fcomments&post=83692"}],"version-history":[{"count":2,"href":"https:\/\/fdp-beelen.de\/index.php?rest_route=\/wp\/v2\/posts\/83692\/revisions"}],"predecessor-version":[{"id":85141,"href":"https:\/\/fdp-beelen.de\/index.php?rest_route=\/wp\/v2\/posts\/83692\/revisions\/85141"}],"wp:featuredmedia":[{"embeddable":true,"href":"https:\/\/fdp-beelen.de\/index.php?rest_route=\/"}],"wp:attachment":[{"href":"https:\/\/fdp-beelen.de\/index.php?rest_route=%2Fwp%2Fv2%2Fmedia&parent=83692"}],"wp:term":[{"taxonomy":"category","embeddable":true,"href":"https:\/\/fdp-beelen.de\/index.php?rest_route=%2Fwp%2Fv2%2Fcategories&post=83692"},{"taxonomy":"post_tag","embeddable":true,"href":"https:\/\/fdp-beelen.de\/index.php?rest_route=%2Fwp%2Fv2%2Ftags&post=83692"}],"curies":[{"name":"wp","href":"https:\/\/api.w.org\/{rel}","templated":true}]}}